{"exhibit":{"id":9,"title":"Detta har h\u00e4nt...","description":"<p>Utst\u00e4llningen 2019 lyfte fram de olika syssels\u00e4ttningar som anv\u00e4nts i den medicinska verksamheten under perioder p\u00e5 brunnen. H\u00e4r fanns ocks\u00e5 m\u00f6jligheten att kika in igenom f\u00f6nstret till en gestaltning av Nils-Johans H\u00f6glunds kontor i L\u00e4karstugan.<\/p>\n<p>Utst\u00e4llningen invigdes den 25 maj v\u00e4lkomna av Arbetsgruppens ordf\u00f6rande Mats Hellstr\u00f6m och invigningtalade gjorde ledamoten Gustav Lundin. Den h\u00f6lls \u00f6ppen varje l\u00f6rdag kl. 11-16 fram till 7 september. Under avslutningshelgen 6-8 september h\u00f6lls extra\u00f6ppet med anledning av Kulturarvsdagarna. Temat f\u00f6r \u00e5ret var \u201dKonst och underh\u00e5llning\u201d, och p\u00e5 det temat anordnades \u00e4ven en konstutst\u00e4llning med patienttavlor i Galleri Fribergers badhus under \u00f6verinseende av konstn\u00e4ren \u00c5sa Peck.<\/p>","credits":"Brunnsmuseet S\u00e4tra Brunn","featured":0,"public":1,"theme":"","theme_options":null,"slug":"2019","added":"2019-06-17 15:54:30","modified":"2023-06-01 22:03:24","owner_id":2,"use_summary_page":1,"cover_image_file_id":null},"item":{"id":129,"item_type_id":15,"collection_id":1,"featured":0,"public":1,"added":"2019-08-08 16:56:00","modified":"2019-08-08 17:01:05","owner_id":2}}